{"id":18820,"date":"2022-07-14T21:42:09","date_gmt":"2022-07-15T01:42:09","guid":{"rendered":"http:\/\/ciudadtrujillo.com\/?p=18820"},"modified":"2022-07-14T21:42:09","modified_gmt":"2022-07-15T01:42:09","slug":"hoy-inicia-convocatoria-para-audiciones-municipales-de-talento-de-corazon-juvenil","status":"publish","type":"post","link":"https:\/\/ciudadtrujillo.com\/?p=18820","title":{"rendered":"Hoy inicia convocatoria para audiciones municipales de Talento de Coraz\u00f3n Juvenil"},"content":{"rendered":"<p style=\"text-align: justify;\">El estado Trujillo se encuentra preparando las audiciones municipales de Talento de Coraz\u00f3n Juvenil 2022, una propuesta nacida del movimiento nacional \u201cCoraz\u00f3n Llanero\u201d que viene a abrir espacios para que los j\u00f3venes muestren sus capacidades vocales en la m\u00fasica criolla.<\/p>\n<p style=\"text-align: justify;\">\n<p style=\"text-align: justify;\">Las audiciones, que ser\u00e1n los d\u00edas 15, 16 y 17 de julio, se realizar\u00e1n en los 20 municipios del estado, en espacios p\u00fablicos abiertos a la participaci\u00f3n de todos los j\u00f3venes que as\u00ed lo deseen y que cumplan con las normativas de edad (de 11 a 17 a\u00f1os).<\/p>\n<p style=\"text-align: justify;\">\n<p style=\"text-align: justify;\">Para participar, los interesados deben acercarse a la audici\u00f3n en el municipio donde reside y mostrar su talento en el canto, m\u00e1s espec\u00edficamente en alguno de los subg\u00e9neros: canci\u00f3n recia, pasaje criollo o estilizado. Es importante indicar que no se evaluar\u00e1 vestuario y que es obligatorio cumplir con las medidas de bioseguridad.<\/p>\n<p style=\"text-align: justify;\">\n<p style=\"text-align: justify;\">En la entidad trujillana estas audiciones cuentan con el respaldo y apoyo del Gobierno Bolivariano de Trujillo, dirigido por el Mayor Gerardo M\u00e1rquez, a trav\u00e9s del Instituto de la Cultura y las Artes del estado (Incaet); en articulaci\u00f3n con el Ministerio del Poder Popular para la Cultura, cap\u00edtulo Trujillo, la Zona Educativa, el Sistema Nacional de Orquestas y Coros Infantiles y Juveniles, alcald\u00edas bolivarianas y las comunidades.<\/p>\n<p style=\"text-align: justify;\">\n<p style=\"text-align: justify;\">Cada audici\u00f3n dejar\u00e1 como seleccionados a dos j\u00f3venes, una chica y un chico, quienes representar\u00e1n a su municipio en la gran final regional, a realizarse el pr\u00f3ximo 23 de julio en Trujillo.<\/p>\n<p style=\"text-align: justify;\">\n<p style=\"text-align: justify;\">Es importante recordar que Jayron Mar\u00edn, representante de Trujillo en Talento de Coraz\u00f3n Infantil 2022, lleg\u00f3 hasta la segunda fase de dicho certamen, dejando muy en alto el nombre de nuestro estado.<\/p>\n<p style=\"text-align: justify;\">\n<p>&nbsp;<\/p>\n<p>&nbsp;<\/p>\n<h5>Prensa Incaet \/ Viviana Cegarra Soto\/Gr\u00e1fico: Cortes\u00eda<\/h5>\n","protected":false},"excerpt":{"rendered":"<p>El estado Trujillo se encuentra preparando las audiciones municipales de Talento de Coraz\u00f3n Juvenil 2022, una propuesta nacida del movimiento nacional \u201cCoraz\u00f3n Llanero\u201d que viene a abrir espacios para que&hellip; <\/p>\n","protected":false},"author":1,"featured_media":18821,"comment_status":"closed","ping_status":"closed","sticky":false,"template":"","format":"standard","meta":{"footnotes":""},"categories":[40],"tags":[],"class_list":["post-18820","post","type-post","status-publish","format-standard","has-post-thumbnail","hentry","category-grantrujillo"],"_links":{"self":[{"href":"https:\/\/ciudadtrujillo.com\/index.php?rest_route=\/wp\/v2\/posts\/18820","targetHints":{"allow":["GET"]}}],"collection":[{"href":"https:\/\/ciudadtrujillo.com\/index.php?rest_route=\/wp\/v2\/posts"}],"about":[{"href":"https:\/\/ciudadtrujillo.com\/index.php?rest_route=\/wp\/v2\/types\/post"}],"author":[{"embeddable":true,"href":"https:\/\/ciudadtrujillo.com\/index.php?rest_route=\/wp\/v2\/users\/1"}],"replies":[{"embeddable":true,"href":"https:\/\/ciudadtrujillo.com\/index.php?rest_route=%2Fwp%2Fv2%2Fcomments&post=18820"}],"version-history":[{"count":1,"href":"https:\/\/ciudadtrujillo.com\/index.php?rest_route=\/wp\/v2\/posts\/18820\/revisions"}],"predecessor-version":[{"id":18822,"href":"https:\/\/ciudadtrujillo.com\/index.php?rest_route=\/wp\/v2\/posts\/18820\/revisions\/18822"}],"wp:featuredmedia":[{"embeddable":true,"href":"https:\/\/ciudadtrujillo.com\/index.php?rest_route=\/wp\/v2\/media\/18821"}],"wp:attachment":[{"href":"https:\/\/ciudadtrujillo.com\/index.php?rest_route=%2Fwp%2Fv2%2Fmedia&parent=18820"}],"wp:term":[{"taxonomy":"category","embeddable":true,"href":"https:\/\/ciudadtrujillo.com\/index.php?rest_route=%2Fwp%2Fv2%2Fcategories&post=18820"},{"taxonomy":"post_tag","embeddable":true,"href":"https:\/\/ciudadtrujillo.com\/index.php?rest_route=%2Fwp%2Fv2%2Ftags&post=18820"}],"curies":[{"name":"wp","href":"https:\/\/api.w.org\/{rel}","templated":true}]}}