{"id":18816,"date":"2022-07-14T21:38:35","date_gmt":"2022-07-15T01:38:35","guid":{"rendered":"http:\/\/ciudadtrujillo.com\/?p=18816"},"modified":"2022-07-14T21:38:40","modified_gmt":"2022-07-15T01:38:40","slug":"fudet-aborda-viviendas-de-plata-iii-para-su-rehabilitacion","status":"publish","type":"post","link":"https:\/\/ciudadtrujillo.com\/?p=18816","title":{"rendered":"Fudet aborda viviendas de Plata III para su rehabilitaci\u00f3n"},"content":{"rendered":"<p style=\"text-align: justify;\">El Plan Rel\u00e1mpago en Plata III, ordenado por el gobernador Mayor Gerardo M\u00e1rquez, avanza en la rehabilitaci\u00f3n de viviendas de la comunidad con impermeabilizaci\u00f3n y sustituci\u00f3n de techos.<\/p>\n<p style=\"text-align: justify;\">En las redes sociales del Fondo \u00fanico de Desarrollo del estado Trujillo (Fudet), se public\u00f3 el trabajo que realizan en los \u00faltimos d\u00edas con los abordajes a las familias m\u00e1s vulnerables. \u00abPodemos decir con orgullo, que en apenas cuatro d\u00edas, gracias al gobernador Gerardo M\u00e1rquez, se ha ejecutado un 40% de la meta trazada para luego seguir avanzando con m\u00e1s planes de abordaje, no solo en Valera, sino en otros municipios\u00bb, dijo la presidenta de la instituci\u00f3n, Elba Gonz\u00e1lez.<\/p>\n<p style=\"text-align: justify;\">La publicaci\u00f3n reporta que Gonz\u00e1lez supervisa constantemente las obras y organiza en mesa de trabajo con su equipo t\u00e9cnico, las pr\u00f3ximas ejecuciones a realizar en este plan rel\u00e1mpago, priorizando a las viviendas que m\u00e1s lo requieren y cuya situaci\u00f3n social convierta el caso en apremiante.<\/p>\n<p style=\"text-align: justify;\">\n<p>&nbsp;<\/p>\n<h5>Eliph Catalina Fern\u00e1ndez\/Gr\u00e1ficas: Cortes\u00eda<\/h5>\n","protected":false},"excerpt":{"rendered":"<p>El Plan Rel\u00e1mpago en Plata III, ordenado por el gobernador Mayor Gerardo M\u00e1rquez, avanza en la rehabilitaci\u00f3n de viviendas de la comunidad con impermeabilizaci\u00f3n y sustituci\u00f3n de techos. En las&hellip; <\/p>\n","protected":false},"author":1,"featured_media":18818,"comment_status":"closed","ping_status":"closed","sticky":false,"template":"","format":"standard","meta":{"footnotes":""},"categories":[40],"tags":[],"class_list":["post-18816","post","type-post","status-publish","format-standard","has-post-thumbnail","hentry","category-grantrujillo"],"_links":{"self":[{"href":"https:\/\/ciudadtrujillo.com\/index.php?rest_route=\/wp\/v2\/posts\/18816","targetHints":{"allow":["GET"]}}],"collection":[{"href":"https:\/\/ciudadtrujillo.com\/index.php?rest_route=\/wp\/v2\/posts"}],"about":[{"href":"https:\/\/ciudadtrujillo.com\/index.php?rest_route=\/wp\/v2\/types\/post"}],"author":[{"embeddable":true,"href":"https:\/\/ciudadtrujillo.com\/index.php?rest_route=\/wp\/v2\/users\/1"}],"replies":[{"embeddable":true,"href":"https:\/\/ciudadtrujillo.com\/index.php?rest_route=%2Fwp%2Fv2%2Fcomments&post=18816"}],"version-history":[{"count":1,"href":"https:\/\/ciudadtrujillo.com\/index.php?rest_route=\/wp\/v2\/posts\/18816\/revisions"}],"predecessor-version":[{"id":18819,"href":"https:\/\/ciudadtrujillo.com\/index.php?rest_route=\/wp\/v2\/posts\/18816\/revisions\/18819"}],"wp:featuredmedia":[{"embeddable":true,"href":"https:\/\/ciudadtrujillo.com\/index.php?rest_route=\/wp\/v2\/media\/18818"}],"wp:attachment":[{"href":"https:\/\/ciudadtrujillo.com\/index.php?rest_route=%2Fwp%2Fv2%2Fmedia&parent=18816"}],"wp:term":[{"taxonomy":"category","embeddable":true,"href":"https:\/\/ciudadtrujillo.com\/index.php?rest_route=%2Fwp%2Fv2%2Fcategories&post=18816"},{"taxonomy":"post_tag","embeddable":true,"href":"https:\/\/ciudadtrujillo.com\/index.php?rest_route=%2Fwp%2Fv2%2Ftags&post=18816"}],"curies":[{"name":"wp","href":"https:\/\/api.w.org\/{rel}","templated":true}]}}