{"id":18178,"date":"2022-06-29T07:33:23","date_gmt":"2022-06-29T11:33:23","guid":{"rendered":"http:\/\/ciudadtrujillo.com\/?p=18178"},"modified":"2022-06-29T07:33:23","modified_gmt":"2022-06-29T11:33:23","slug":"mas-de-400-estudiantes-participaron-en-cierre-del-festival-cultural-productivo-vacilatela-con-el-itj","status":"publish","type":"post","link":"https:\/\/ciudadtrujillo.com\/?p=18178","title":{"rendered":"M\u00e1s de 400 estudiantes participaron en cierre del Festival Cultural Productivo \u201cVac\u00edlatela con el ITJ\u201d"},"content":{"rendered":"<p style=\"text-align: justify;\">Con la participaci\u00f3n de m\u00e1s de 400 estudiantes en representaci\u00f3n de 11 municipios del estado Trujillo, se realiz\u00f3 el Festival Cultural Productivo \u201cVac\u00edlatela con el ITJ\u201d, el cual se desarroll\u00f3 en la Ciudad de las Siete Colinas.<\/p>\n<p style=\"text-align: justify;\">La presidenta del Instituto Trujillano de la Juventud (ITJ), Karen Gonz\u00e1lez, se\u00f1al\u00f3 que, \u00abeste festival recorri\u00f3 80 instituciones educativas logrando la participaci\u00f3n de estudiantes lice\u00edstas durante las actividades de este evento\u00bb.<\/p>\n<p style=\"text-align: justify;\">Asimismo, mencion\u00f3 el lanzamiento del tema promocional \u201cSomos ITJ\u201d, por parte de los j\u00f3venes de este organismo; enmarcado en las proyecciones que se ejecutan en pro de los trujillanos.<\/p>\n<p style=\"text-align: justify;\">Adem\u00e1s, puntualiz\u00f3 que, \u00aben el estado se garantiza la participaci\u00f3n y atenci\u00f3n a su juventud\u00bb, por lo que mencion\u00f3 que los ganadores del festival tendr\u00e1n un acompa\u00f1amiento por parte del talento humano del ITJ.<\/p>\n<p style=\"text-align: justify;\">El evento estuvo presidido por la presidenta del ITJ, acompa\u00f1ada por el vicepresidente Jes\u00fas Garc\u00eda; el legislador joven, Jes\u00fas Parra; el responsable del Estado Mayor de la Juventud, Silvio Ram\u00edrez; entre otros.<\/p>\n<p>&nbsp;<\/p>\n<p>&nbsp;<\/p>\n<p>&nbsp;<\/p>\n<p>&nbsp;<\/p>\n<h5>Rossiel Hurtado\/Gr\u00e1ficas: Cortes\u00eda<\/h5>\n","protected":false},"excerpt":{"rendered":"<p>Con la participaci\u00f3n de m\u00e1s de 400 estudiantes en representaci\u00f3n de 11 municipios del estado Trujillo, se realiz\u00f3 el Festival Cultural Productivo \u201cVac\u00edlatela con el ITJ\u201d, el cual se desarroll\u00f3&hellip; <\/p>\n","protected":false},"author":1,"featured_media":18180,"comment_status":"closed","ping_status":"closed","sticky":false,"template":"","format":"standard","meta":{"footnotes":""},"categories":[40],"tags":[],"class_list":["post-18178","post","type-post","status-publish","format-standard","has-post-thumbnail","hentry","category-grantrujillo"],"_links":{"self":[{"href":"https:\/\/ciudadtrujillo.com\/index.php?rest_route=\/wp\/v2\/posts\/18178","targetHints":{"allow":["GET"]}}],"collection":[{"href":"https:\/\/ciudadtrujillo.com\/index.php?rest_route=\/wp\/v2\/posts"}],"about":[{"href":"https:\/\/ciudadtrujillo.com\/index.php?rest_route=\/wp\/v2\/types\/post"}],"author":[{"embeddable":true,"href":"https:\/\/ciudadtrujillo.com\/index.php?rest_route=\/wp\/v2\/users\/1"}],"replies":[{"embeddable":true,"href":"https:\/\/ciudadtrujillo.com\/index.php?rest_route=%2Fwp%2Fv2%2Fcomments&post=18178"}],"version-history":[{"count":1,"href":"https:\/\/ciudadtrujillo.com\/index.php?rest_route=\/wp\/v2\/posts\/18178\/revisions"}],"predecessor-version":[{"id":18181,"href":"https:\/\/ciudadtrujillo.com\/index.php?rest_route=\/wp\/v2\/posts\/18178\/revisions\/18181"}],"wp:featuredmedia":[{"embeddable":true,"href":"https:\/\/ciudadtrujillo.com\/index.php?rest_route=\/wp\/v2\/media\/18180"}],"wp:attachment":[{"href":"https:\/\/ciudadtrujillo.com\/index.php?rest_route=%2Fwp%2Fv2%2Fmedia&parent=18178"}],"wp:term":[{"taxonomy":"category","embeddable":true,"href":"https:\/\/ciudadtrujillo.com\/index.php?rest_route=%2Fwp%2Fv2%2Fcategories&post=18178"},{"taxonomy":"post_tag","embeddable":true,"href":"https:\/\/ciudadtrujillo.com\/index.php?rest_route=%2Fwp%2Fv2%2Ftags&post=18178"}],"curies":[{"name":"wp","href":"https:\/\/api.w.org\/{rel}","templated":true}]}}