{"id":1685,"date":"2020-08-12T00:47:27","date_gmt":"2020-08-12T00:47:27","guid":{"rendered":"http:\/\/ciudadtrujillo.com\/?p=1685"},"modified":"2020-08-12T00:47:27","modified_gmt":"2020-08-12T00:47:27","slug":"pueblo-reconoce-iniciativa-del-gobierno-regional-tras-activacion-de-unidades-de-bus-trujillo","status":"publish","type":"post","link":"https:\/\/ciudadtrujillo.com\/?p=1685","title":{"rendered":"Pueblo reconoce iniciativa del gobierno regional tras activaci\u00f3n de unidades de Bus Trujillo"},"content":{"rendered":"<p style=\"text-align: justify;\">Con el objetivo de fortalecer el sistema de transporte y garantizar la movilidad de los usuarios dentro de la jurisdicci\u00f3n, la empresa de Transporte Bus Trujillo puso en funcionamiento 20 nuevas unidades para diferentes localidades de la entidad.<\/p>\n<p style=\"text-align: justify;\">De esta manera, el Plan de Contingencia para el pueblo trujillano es una muestra de la disposici\u00f3n y compromiso del gobierno bolivariano, a fin de garantizar la m\u00e1xima movilidad en la semana de flexibilizaci\u00f3n ampliada que transcurre con normalidad en el estado.<\/p>\n<p style=\"text-align: justify;\">La usuaria Almira Su\u00e1rez, habitante de San L\u00e1zaro municipio Trujillo, agradeci\u00f3 al gobernador, Henry Rangel Silva y a las pol\u00edticas impulsadas por el ejecutivo regional para el fortalecimiento del sector transporte en tiempos de pandemia, \u201cle doy gracias a todos los que han hecho posible esta importante iniciativa impulsada por el presidente obrero Nicol\u00e1s Maduro para favorecernos como pueblo\u201d, al tiempo que inst\u00f3 al colectivo para que al ingresar a las unidades de transporte hagan buen uso de las medidas de bioseguridad para contrarrestar el coronavirus.<\/p>\n<p style=\"text-align: justify;\">Por otro lado, Atilio Medina asegur\u00f3 que con las 20 unidades que se suman a laborar para garantizar el servicio de traslado a los 20 municipios servir\u00e1 para suavizar las aglomeraciones en las paradas, \u201cyo tengo 15 minutos esperando el Bus Trujillo y he notado que cada persona est\u00e1 cumpliendo con el distanciamiento social y tapabocas, todo esto para evitar contagios del virus que est\u00e1 hoy d\u00eda en nuestro pa\u00eds\u201d, dijo Medina.<\/p>\n<p style=\"text-align: justify;\">Vale destacar que de las 20 nuevas unidades habilitadas, se disponen cinco de ellas para el traslado de los trabajadores de los hospitales del estado y dem\u00e1s \u00e1reas priorizadas, tanto en la semana de cuarentena radical como en la flexibilizaci\u00f3n.<\/p>\n<p>&nbsp;<\/p>\n<p>&nbsp;<\/p>\n<h6><em>Fiorella Villa\/Gr\u00e1fica: Cortes\u00eda<\/em><\/h6>\n","protected":false},"excerpt":{"rendered":"<p>Con el objetivo de fortalecer el sistema de transporte y garantizar la movilidad de los usuarios dentro de la jurisdicci\u00f3n, la empresa de Transporte Bus Trujillo puso en funcionamiento 20&hellip; <\/p>\n","protected":false},"author":1,"featured_media":1686,"comment_status":"closed","ping_status":"closed","sticky":false,"template":"","format":"standard","meta":{"footnotes":""},"categories":[40],"tags":[],"class_list":["post-1685","post","type-post","status-publish","format-standard","has-post-thumbnail","hentry","category-grantrujillo"],"_links":{"self":[{"href":"https:\/\/ciudadtrujillo.com\/index.php?rest_route=\/wp\/v2\/posts\/1685","targetHints":{"allow":["GET"]}}],"collection":[{"href":"https:\/\/ciudadtrujillo.com\/index.php?rest_route=\/wp\/v2\/posts"}],"about":[{"href":"https:\/\/ciudadtrujillo.com\/index.php?rest_route=\/wp\/v2\/types\/post"}],"author":[{"embeddable":true,"href":"https:\/\/ciudadtrujillo.com\/index.php?rest_route=\/wp\/v2\/users\/1"}],"replies":[{"embeddable":true,"href":"https:\/\/ciudadtrujillo.com\/index.php?rest_route=%2Fwp%2Fv2%2Fcomments&post=1685"}],"version-history":[{"count":1,"href":"https:\/\/ciudadtrujillo.com\/index.php?rest_route=\/wp\/v2\/posts\/1685\/revisions"}],"predecessor-version":[{"id":1687,"href":"https:\/\/ciudadtrujillo.com\/index.php?rest_route=\/wp\/v2\/posts\/1685\/revisions\/1687"}],"wp:featuredmedia":[{"embeddable":true,"href":"https:\/\/ciudadtrujillo.com\/index.php?rest_route=\/wp\/v2\/media\/1686"}],"wp:attachment":[{"href":"https:\/\/ciudadtrujillo.com\/index.php?rest_route=%2Fwp%2Fv2%2Fmedia&parent=1685"}],"wp:term":[{"taxonomy":"category","embeddable":true,"href":"https:\/\/ciudadtrujillo.com\/index.php?rest_route=%2Fwp%2Fv2%2Fcategories&post=1685"},{"taxonomy":"post_tag","embeddable":true,"href":"https:\/\/ciudadtrujillo.com\/index.php?rest_route=%2Fwp%2Fv2%2Ftags&post=1685"}],"curies":[{"name":"wp","href":"https:\/\/api.w.org\/{rel}","templated":true}]}}