{"id":1679,"date":"2020-08-12T00:31:02","date_gmt":"2020-08-12T00:31:02","guid":{"rendered":"http:\/\/ciudadtrujillo.com\/?p=1679"},"modified":"2020-08-12T00:31:02","modified_gmt":"2020-08-12T00:31:02","slug":"ii-congreso-inces-abordara-formacion-tecnica-profesional","status":"publish","type":"post","link":"https:\/\/ciudadtrujillo.com\/?p=1679","title":{"rendered":"II Congreso Inces abordar\u00e1 formaci\u00f3n t\u00e9cnica profesional"},"content":{"rendered":"<p style=\"text-align: justify;\">En el marco del 61 Aniversario del Instituto Nacional de Capacitaci\u00f3n y Educaci\u00f3n Socialista (Inces) se dio inicio al II Congreso Pedag\u00f3gico Inces 2020, una ventana formativa con la cual se busca actualizar las herramientas educativas de plantilla de docentes y trabajadores adscritos al Ministerio del Poder Popular para la Educaci\u00f3n (Mppe).<\/p>\n<p style=\"text-align: justify;\">El II Congreso Pedag\u00f3gico del Inces, es dictado mediante las plataformas digitales, teniendo en cuenta temas relacionados con el contexto y realidad donde el instituto lleva a cabo su acci\u00f3n formativa, en el que se pretende abordar el tema de la Formaci\u00f3n T\u00e9cnica Profesional y su rol en medio de la pandemia del Covid-19.<\/p>\n<p style=\"text-align: justify;\">A prop\u00f3sito de su 61 aniversario este Congreso se propone un encuentro con organismos internacionales que acerque la mirada global en relaci\u00f3n a los principales temas en materia educativa, as\u00ed como al proceso de revisi\u00f3n y ajustes para garantizar las respuestas que el pa\u00eds requiere ante la actual contingencia.<\/p>\n<p style=\"text-align: justify;\">La gerente regional del Inces-Trujillo, Ang\u00e9lica Mor\u00f3n, ser\u00e1 la encargada de monitorear a todo el personal adscrito a la Unidad Educativa y el Programa Nacional de Aprendizaje (PNA), los cuales agrupan m\u00e1s del 50% de la plantilla de educadores del ente en la entidad.<\/p>\n<p style=\"text-align: justify;\">Cabe destacar que en medio de la cuarentena, el Mppe instruy\u00f3 a la reprogramaci\u00f3n del periodo escolar y la activaci\u00f3n de diversas formas de ense\u00f1anza, para garantizar la educaci\u00f3n de los ni\u00f1os, ni\u00f1as y adolescentes a trav\u00e9s del \u201cPrograma Cada Familia una Escuela\u201d.<\/p>\n<p style=\"text-align: justify;\">Por tal motivo, el Inces tuvo que adecuar su programaci\u00f3n formativa a la modalidad de estudio a distancia y al mismo tiempo evaluar, ante la coyuntura, todos los elementos susceptibles de cambio para adecuar la formaci\u00f3n profesional y su vinculaci\u00f3n al Sistema Educativo Nacional.<\/p>\n<p>&nbsp;<\/p>\n<p>&nbsp;<\/p>\n<p>&nbsp;<\/p>\n<h6><em>Inces Trujillo\/Gr\u00e1fica: Cortes\u00eda<\/em><\/h6>\n","protected":false},"excerpt":{"rendered":"<p>En el marco del 61 Aniversario del Instituto Nacional de Capacitaci\u00f3n y Educaci\u00f3n Socialista (Inces) se dio inicio al II Congreso Pedag\u00f3gico Inces 2020, una ventana formativa con la cual&hellip; <\/p>\n","protected":false},"author":1,"featured_media":1680,"comment_status":"closed","ping_status":"closed","sticky":false,"template":"","format":"standard","meta":{"footnotes":""},"categories":[52,40],"tags":[],"class_list":["post-1679","post","type-post","status-publish","format-standard","has-post-thumbnail","hentry","category-destacadas","category-grantrujillo"],"_links":{"self":[{"href":"https:\/\/ciudadtrujillo.com\/index.php?rest_route=\/wp\/v2\/posts\/1679","targetHints":{"allow":["GET"]}}],"collection":[{"href":"https:\/\/ciudadtrujillo.com\/index.php?rest_route=\/wp\/v2\/posts"}],"about":[{"href":"https:\/\/ciudadtrujillo.com\/index.php?rest_route=\/wp\/v2\/types\/post"}],"author":[{"embeddable":true,"href":"https:\/\/ciudadtrujillo.com\/index.php?rest_route=\/wp\/v2\/users\/1"}],"replies":[{"embeddable":true,"href":"https:\/\/ciudadtrujillo.com\/index.php?rest_route=%2Fwp%2Fv2%2Fcomments&post=1679"}],"version-history":[{"count":1,"href":"https:\/\/ciudadtrujillo.com\/index.php?rest_route=\/wp\/v2\/posts\/1679\/revisions"}],"predecessor-version":[{"id":1681,"href":"https:\/\/ciudadtrujillo.com\/index.php?rest_route=\/wp\/v2\/posts\/1679\/revisions\/1681"}],"wp:featuredmedia":[{"embeddable":true,"href":"https:\/\/ciudadtrujillo.com\/index.php?rest_route=\/wp\/v2\/media\/1680"}],"wp:attachment":[{"href":"https:\/\/ciudadtrujillo.com\/index.php?rest_route=%2Fwp%2Fv2%2Fmedia&parent=1679"}],"wp:term":[{"taxonomy":"category","embeddable":true,"href":"https:\/\/ciudadtrujillo.com\/index.php?rest_route=%2Fwp%2Fv2%2Fcategories&post=1679"},{"taxonomy":"post_tag","embeddable":true,"href":"https:\/\/ciudadtrujillo.com\/index.php?rest_route=%2Fwp%2Fv2%2Ftags&post=1679"}],"curies":[{"name":"wp","href":"https:\/\/api.w.org\/{rel}","templated":true}]}}