{"id":1673,"date":"2020-08-12T00:20:24","date_gmt":"2020-08-12T00:20:24","guid":{"rendered":"http:\/\/ciudadtrujillo.com\/?p=1673"},"modified":"2020-08-12T00:20:24","modified_gmt":"2020-08-12T00:20:24","slug":"fundacion-celarg-realizara-seminario-analisis-de-la-imagen","status":"publish","type":"post","link":"https:\/\/ciudadtrujillo.com\/?p=1673","title":{"rendered":"Fundaci\u00f3n Celarg realizar\u00e1 Seminario \u201cAn\u00e1lisis de la Imagen\u201d"},"content":{"rendered":"<div class=\"gs\">\n<div class=\"\">\n<div id=\":25j\" class=\"ii gt\">\n<div id=\":25i\" class=\"a3s aXjCH \">\n<div dir=\"ltr\">\n<div class=\"gmail_quote\">\n<div class=\"adM\" style=\"text-align: justify;\"><span style=\"font-family: arial, sans-serif;\">El Ministerio del Poder Popular para la Cultura, a trav\u00e9s del Centro de Estudios Latinoamericanos R\u00f3mulo Gallegos, invita a participar en el seminario \u201cAn\u00e1lisis de la Imagen\u201d, que se realizar\u00e1 por canales virtuales desde el martes 25 de agosto hasta el 24 de septiembre de 2020.<\/span><\/div>\n<div dir=\"ltr\" style=\"text-align: justify;\">\n<p><span style=\"font-family: arial, sans-serif;\">El seminario se ejecutar\u00e1 v\u00eda WhatsApp, ser\u00e1 gratuito y contar\u00e1 con ocho sesiones que se desarrollar\u00e1n los d\u00edas martes y jueves, a las 3:00 p.m, hora de Venezuela; desde Colombia a las 2:00 p.m. y en Brasil a las 4:00 p.m.<\/span><\/p>\n<p><span style=\"font-family: arial, sans-serif;\">Las inscripciones estar\u00e1n abiertas hasta el 20 de agosto llenando un formulario en el siguiente acceso:\u00a0<a href=\"https:\/\/forms.gle\/pf77B1hXMgAR4tvy9\" target=\"_blank\" rel=\"noopener noreferrer\" data-saferedirecturl=\"https:\/\/www.google.com\/url?q=https:\/\/forms.gle\/pf77B1hXMgAR4tvy9&amp;source=gmail&amp;ust=1597267841120000&amp;usg=AFQjCNHJWLQJIQySKQgMb4AaENYRNMBrBg\">https:\/\/forms.gle\/<wbr \/>pf77B1hXMgAR4tvy9<\/a><\/span><\/p>\n<p><span style=\"font-family: arial, sans-serif;\">Tambi\u00e9n est\u00e1 disponible el correo electr\u00f3nico de contacto:\u00a0<a href=\"mailto:seminarioscelarg@gmail.com\" target=\"_blank\" rel=\"noopener noreferrer\">seminarioscelarg@<wbr \/>gmail.com<\/a>.<\/span><\/p>\n<p><span style=\"font-family: arial, sans-serif;\">Con la aprobaci\u00f3n del seminario cada participante obtendr\u00e1 el correspondiente certificado el cual se le enviar\u00e1 de manera digital mediante correo electr\u00f3nico.<\/span><\/p>\n<p><span style=\"font-family: arial, sans-serif;\">La Fundaci\u00f3n Celarg contar\u00e1 con derecho universal de publicaci\u00f3n y distribuci\u00f3n de los productos desarrollados en el seminario.<\/span><\/p>\n<h3><span style=\"font-family: arial, sans-serif;\">Seminario te\u00f3rico pr\u00e1ctico<\/span><\/h3>\n<p><span style=\"font-family: arial, sans-serif;\">El evento contar\u00e1 con la conducci\u00f3n de Heiler Torres, maestro en artes pl\u00e1sticas, artes visuales y mag\u00edster en Educaci\u00f3n. Tambi\u00e9n es investigador en creatividad aplicada en la comunicaci\u00f3n de la imagen y autor del libro \u201cUso de proporci\u00f3n \u00e1urea en la composici\u00f3n y realizaci\u00f3n de im\u00e1genes\u00bb, quien intervendr\u00e1 desde Bogot\u00e1, Colombia. Contar\u00e1 con el apoyo y colaboraci\u00f3n de Fabiola G\u00e1mez, licenciada en Artes Pl\u00e1sticas, investigadora y curadora de la Fundaci\u00f3n Celarg, quien participar\u00e1 desde Caracas.<\/span><\/p>\n<p><span style=\"font-family: arial, sans-serif;\">El seminario de car\u00e1cter te\u00f3rico y pr\u00e1ctico propone involucrar pedag\u00f3gicamente a cada participante en la reflexi\u00f3n sobre el proceso creativo en momentos de realizaci\u00f3n y lectura de la imagen producida desde el campo de las artes. Est\u00e1 dirigido a creadores y artistas de todas las disciplinas (danza, teatro, fotograf\u00eda, artes visuales).<\/span><\/p>\n<p><span style=\"font-family: arial, sans-serif;\">En esta experiencia se abordar\u00e1n temas como introducci\u00f3n al proceso creativo, anatom\u00eda del mensaje, leyes de la Gestalt, composici\u00f3n y proporci\u00f3n \u00e1urea. Tales contenidos se enfocar\u00e1n para su aplicaci\u00f3n en diversas \u00e1reas de expresi\u00f3n art\u00edstica.<\/span><\/p>\n<p><span style=\"font-family: arial, sans-serif;\">Se recomienda a las personas inscritas estar abiertas a participar en las actividades con disposici\u00f3n a experimentar.<\/span><\/p>\n<\/div>\n<div class=\"yj6qo\" style=\"text-align: justify;\"><\/div>\n<div class=\"adL\" style=\"text-align: justify;\"><\/div>\n<\/div>\n<\/div>\n<div class=\"adL\" style=\"text-align: justify;\"><\/div>\n<\/div>\n<\/div>\n<div id=\":25e\" class=\"hq gt a10\" style=\"text-align: justify;\">\n<div class=\"hp\"><\/div>\n<div class=\"a3I\"><\/div>\n<div id=\":20a\"><\/div>\n<div id=\":20z\" class=\"aQH\">\n<h6 class=\"aZK\"><em>Prensa MPPC\u00a0<\/em><\/h6>\n<\/div>\n<\/div>\n<div class=\"hi\" style=\"text-align: justify;\"><\/div>\n<\/div>\n<\/div>\n","protected":false},"excerpt":{"rendered":"<p>El Ministerio del Poder Popular para la Cultura, a trav\u00e9s del Centro de Estudios Latinoamericanos R\u00f3mulo Gallegos, invita a participar en el seminario \u201cAn\u00e1lisis de la Imagen\u201d, que se realizar\u00e1&hellip; <\/p>\n","protected":false},"author":1,"featured_media":1674,"comment_status":"closed","ping_status":"closed","sticky":false,"template":"","format":"standard","meta":{"footnotes":""},"categories":[46],"tags":[],"class_list":["post-1673","post","type-post","status-publish","format-standard","has-post-thumbnail","hentry","category-cultura"],"_links":{"self":[{"href":"https:\/\/ciudadtrujillo.com\/index.php?rest_route=\/wp\/v2\/posts\/1673","targetHints":{"allow":["GET"]}}],"collection":[{"href":"https:\/\/ciudadtrujillo.com\/index.php?rest_route=\/wp\/v2\/posts"}],"about":[{"href":"https:\/\/ciudadtrujillo.com\/index.php?rest_route=\/wp\/v2\/types\/post"}],"author":[{"embeddable":true,"href":"https:\/\/ciudadtrujillo.com\/index.php?rest_route=\/wp\/v2\/users\/1"}],"replies":[{"embeddable":true,"href":"https:\/\/ciudadtrujillo.com\/index.php?rest_route=%2Fwp%2Fv2%2Fcomments&post=1673"}],"version-history":[{"count":1,"href":"https:\/\/ciudadtrujillo.com\/index.php?rest_route=\/wp\/v2\/posts\/1673\/revisions"}],"predecessor-version":[{"id":1675,"href":"https:\/\/ciudadtrujillo.com\/index.php?rest_route=\/wp\/v2\/posts\/1673\/revisions\/1675"}],"wp:featuredmedia":[{"embeddable":true,"href":"https:\/\/ciudadtrujillo.com\/index.php?rest_route=\/wp\/v2\/media\/1674"}],"wp:attachment":[{"href":"https:\/\/ciudadtrujillo.com\/index.php?rest_route=%2Fwp%2Fv2%2Fmedia&parent=1673"}],"wp:term":[{"taxonomy":"category","embeddable":true,"href":"https:\/\/ciudadtrujillo.com\/index.php?rest_route=%2Fwp%2Fv2%2Fcategories&post=1673"},{"taxonomy":"post_tag","embeddable":true,"href":"https:\/\/ciudadtrujillo.com\/index.php?rest_route=%2Fwp%2Fv2%2Ftags&post=1673"}],"curies":[{"name":"wp","href":"https:\/\/api.w.org\/{rel}","templated":true}]}}