{"id":1670,"date":"2020-08-12T00:09:29","date_gmt":"2020-08-12T00:09:29","guid":{"rendered":"http:\/\/ciudadtrujillo.com\/?p=1670"},"modified":"2020-08-12T00:09:29","modified_gmt":"2020-08-12T00:09:29","slug":"un-cura-en-retirada-1806","status":"publish","type":"post","link":"https:\/\/ciudadtrujillo.com\/?p=1670","title":{"rendered":"Un cura en retirada. 1806"},"content":{"rendered":"<p style=\"text-align: justify;\">Santiago Hern\u00e1ndez Milan\u00e9s, Obispo de M\u00e9rida de Maracaibo sali\u00f3 de visita pastoral por los extensos territorios de su jurisdicci\u00f3n que abarcaba: T\u00e1chira, M\u00e9rida, Barinas, Trujillo, Zulia y las regiones aleda\u00f1as a Coro; para los primeros d\u00edas de agosto de 1806 se encontraba en la poblaci\u00f3n de Cumarebo cuando en la noche del d\u00eda cuatro le lleg\u00f3 la noticia del desembarco en el vecino puerto de la vela de una numerosa expedici\u00f3n encabezada por Don Francisco de Miranda.<\/p>\n<p style=\"text-align: justify;\">Al d\u00eda siguiente el prelado recibi\u00f3 a un emisario de los rebeldes que tra\u00eda una invitaci\u00f3n para que se presentara en la ciudad de Coro, hacia donde se estaban movilizando las fuerzas revolucionarias para conversar sobre los planes en la organizaci\u00f3n de un gobierno propio y el establecimiento de una rep\u00fablica americana.<\/p>\n<p style=\"text-align: justify;\">Vale mencionar que aquel sacerdote en todos los documentos se declara amante de Espa\u00f1a y s\u00fabdito fervoroso de su Rey, a quien cada vez que lo nombra lo llama: \u201cnuestro se\u00f1or y soberano el Rey a quien Dios gu\u00ede\u201d, aquel d\u00eda y con tremenda noticia entre manos, el Obispo Milanes plane\u00f3 su escapatoria, no pod\u00eda llegar a la costa para tomar embarcaciones que lo llevaran a Maracaibo por cuanto estar\u00eda en la mira de aquellos subversivos, entonces pidi\u00f3 baqueanos de la monta\u00f1a e inicio una ruta que lo llev\u00f3 por las tierras de Aroa, Duaca, Barquisimeto, Quibor, Carora, Barbacoa y Carache, en donde se detuvo el d\u00eda 18 de agosto de ese a\u00f1o 1806.<\/p>\n<p style=\"text-align: justify;\">Y escribi\u00f3 una pastoral donde saluda a todos sus hijos, particip\u00e1ndoles que Dios, por esta vez lo hab\u00eda librado de caer en manos del enemigo de la patria, Miranda quien desembarc\u00f3 el d\u00eda 3 del presente mes en el pueblo de La Vela de Coro, y dice: \u201cnos hall\u00e1bamos en Cumarebo a siete leguas de dicho puerto cuando recibimos un oficio del invasor injusto e infausto nos convidaba a una conferencia para anunciar sus p\u00e9rfidos objetivos, entonces resolvimos hacer una larga traves\u00eda, casi sin equipaje y con tan s\u00f3lo tres acompa\u00f1antes, los trabajos, las penas corporales fueron muchas, recorrimos m\u00e1s de cien leguas sin descanso hasta llegar a esta poblaci\u00f3n, primera feligres\u00eda del obispado de Trujillo; amados hijos, fieles vasallos del rey cat\u00f3lico preparados para resistir contra aquel hombre temerario, que con sus escritos intent\u00f3 seducirnos; que lo acompa\u00f1an bandidos relajados y sin religi\u00f3n, proscritos de otras naciones; hagamos que nuestra memoria por la defensa de Dios y del rey sea escrita en los monumentos eternos de nuestra naci\u00f3n\u201d.<\/p>\n<p style=\"text-align: justify;\">M\u00e1s adelante ofrece la excomuni\u00f3n para aquellas personas que no delaten a los vecinos que act\u00faan con los revoltosos y agradece al cielo y a los pobladores de Coro, quienes pusieron en fuga al representante de Satan\u00e1s, al infame Miranda, a quien hicieron salir a toda carrera sin darle tiempo a comer, cuando ya ten\u00eda la mesa puesta; el Obispo Hern\u00e1ndez Milan\u00e9s mantuvo una posici\u00f3n contraria a la independencia, fue un representante de la iglesia y de la monarqu\u00eda absolutista, muri\u00f3 en M\u00e9rida la tarde del 26 de marzo de 1812 cuando el terremoto del jueves santo que acab\u00f3 con muchas ciudades de Venezuela.<\/p>\n<p style=\"text-align: justify;\">\n<p>&nbsp;<\/p>\n<p>&nbsp;<\/p>\n<h6><em>Ubaldo Garc\u00eda\/Gr\u00e1fica: Referencial<\/em><\/h6>\n","protected":false},"excerpt":{"rendered":"<p>Santiago Hern\u00e1ndez Milan\u00e9s, Obispo de M\u00e9rida de Maracaibo sali\u00f3 de visita pastoral por los extensos territorios de su jurisdicci\u00f3n que abarcaba: T\u00e1chira, M\u00e9rida, Barinas, Trujillo, Zulia y las regiones aleda\u00f1as&hellip; <\/p>\n","protected":false},"author":1,"featured_media":1671,"comment_status":"closed","ping_status":"closed","sticky":false,"template":"","format":"standard","meta":{"footnotes":""},"categories":[43],"tags":[],"class_list":["post-1670","post","type-post","status-publish","format-standard","has-post-thumbnail","hentry","category-opinion"],"_links":{"self":[{"href":"https:\/\/ciudadtrujillo.com\/index.php?rest_route=\/wp\/v2\/posts\/1670","targetHints":{"allow":["GET"]}}],"collection":[{"href":"https:\/\/ciudadtrujillo.com\/index.php?rest_route=\/wp\/v2\/posts"}],"about":[{"href":"https:\/\/ciudadtrujillo.com\/index.php?rest_route=\/wp\/v2\/types\/post"}],"author":[{"embeddable":true,"href":"https:\/\/ciudadtrujillo.com\/index.php?rest_route=\/wp\/v2\/users\/1"}],"replies":[{"embeddable":true,"href":"https:\/\/ciudadtrujillo.com\/index.php?rest_route=%2Fwp%2Fv2%2Fcomments&post=1670"}],"version-history":[{"count":1,"href":"https:\/\/ciudadtrujillo.com\/index.php?rest_route=\/wp\/v2\/posts\/1670\/revisions"}],"predecessor-version":[{"id":1672,"href":"https:\/\/ciudadtrujillo.com\/index.php?rest_route=\/wp\/v2\/posts\/1670\/revisions\/1672"}],"wp:featuredmedia":[{"embeddable":true,"href":"https:\/\/ciudadtrujillo.com\/index.php?rest_route=\/wp\/v2\/media\/1671"}],"wp:attachment":[{"href":"https:\/\/ciudadtrujillo.com\/index.php?rest_route=%2Fwp%2Fv2%2Fmedia&parent=1670"}],"wp:term":[{"taxonomy":"category","embeddable":true,"href":"https:\/\/ciudadtrujillo.com\/index.php?rest_route=%2Fwp%2Fv2%2Fcategories&post=1670"},{"taxonomy":"post_tag","embeddable":true,"href":"https:\/\/ciudadtrujillo.com\/index.php?rest_route=%2Fwp%2Fv2%2Ftags&post=1670"}],"curies":[{"name":"wp","href":"https:\/\/api.w.org\/{rel}","templated":true}]}}