{"id":1664,"date":"2020-08-11T23:55:50","date_gmt":"2020-08-11T23:55:50","guid":{"rendered":"http:\/\/ciudadtrujillo.com\/?p=1664"},"modified":"2020-08-11T23:55:50","modified_gmt":"2020-08-11T23:55:50","slug":"organismo-electoral-colombiano-abre-investigacion-contra-duque","status":"publish","type":"post","link":"https:\/\/ciudadtrujillo.com\/?p=1664","title":{"rendered":"Organismo electoral colombiano abre investigaci\u00f3n contra Duque"},"content":{"rendered":"<p style=\"text-align: justify;\">La comisi\u00f3n instructora del Consejo Nacional Electoral de Colombia inici\u00f3 este martes una investigaci\u00f3n preliminar contra la campa\u00f1a del entonces candidato y actual presidente, Iv\u00e1n Duque M\u00e1rquez.<\/p>\n<p style=\"text-align: justify;\">En un comunicado, la instancia inform\u00f3 que tambi\u00e9n se indagar\u00e1 al gerente de la campa\u00f1a Luis Guillermo Echeverri V\u00e9lez y al Partido Pol\u00edtico Centro Democr\u00e1tico, por la presunta vulneraci\u00f3n de las normas electorales sobre financiaci\u00f3n de campa\u00f1as pol\u00edticas, para el periodo constitucional 2018-2022.<\/p>\n<p style=\"text-align: justify;\">La Comisi\u00f3n Instructora Especial est\u00e1 integrada por los magistrados Jaime Luis Lacouture, Virgilio Almanza y C\u00e9sar Abreo M\u00e9ndez y analizar\u00e1 varias pruebas y denuncias relacionadas con una supuesta compra de votos.<\/p>\n<p style=\"text-align: justify;\">De igual forma, pedir\u00e1n declaraciones sobre llamadas telef\u00f3nicas interceptadas por la Fiscal\u00eda General, en las que se habla de supuestos aportes econ\u00f3micos del empresario venezolano Oswaldo Cisneros, por un valor de 300.000 d\u00f3lares.<\/p>\n<p style=\"text-align: justify;\">Asimismo solicitar\u00e1n al Partido Pol\u00edtico Centro Democr\u00e1tico, que remita copia de los soportes contables de la campa\u00f1a electoral del entonces candidato Iv\u00e1n Duque M\u00e1rquez, con el fin de determinar la procedencia y cuant\u00eda de los aportes consignados en el reporte de ingresos y gastos de la campa\u00f1a a la presidencia.<\/p>\n<p>&nbsp;<\/p>\n<p>&nbsp;<\/p>\n<p>&nbsp;<\/p>\n<h6><em>TeleSur\/Gr\u00e1fica: Cortes\u00eda<\/em><\/h6>\n","protected":false},"excerpt":{"rendered":"<p>La comisi\u00f3n instructora del Consejo Nacional Electoral de Colombia inici\u00f3 este martes una investigaci\u00f3n preliminar contra la campa\u00f1a del entonces candidato y actual presidente, Iv\u00e1n Duque M\u00e1rquez. En un comunicado,&hellip; <\/p>\n","protected":false},"author":1,"featured_media":1665,"comment_status":"closed","ping_status":"closed","sticky":false,"template":"","format":"standard","meta":{"footnotes":""},"categories":[42],"tags":[],"class_list":["post-1664","post","type-post","status-publish","format-standard","has-post-thumbnail","hentry","category-mundo"],"_links":{"self":[{"href":"https:\/\/ciudadtrujillo.com\/index.php?rest_route=\/wp\/v2\/posts\/1664","targetHints":{"allow":["GET"]}}],"collection":[{"href":"https:\/\/ciudadtrujillo.com\/index.php?rest_route=\/wp\/v2\/posts"}],"about":[{"href":"https:\/\/ciudadtrujillo.com\/index.php?rest_route=\/wp\/v2\/types\/post"}],"author":[{"embeddable":true,"href":"https:\/\/ciudadtrujillo.com\/index.php?rest_route=\/wp\/v2\/users\/1"}],"replies":[{"embeddable":true,"href":"https:\/\/ciudadtrujillo.com\/index.php?rest_route=%2Fwp%2Fv2%2Fcomments&post=1664"}],"version-history":[{"count":1,"href":"https:\/\/ciudadtrujillo.com\/index.php?rest_route=\/wp\/v2\/posts\/1664\/revisions"}],"predecessor-version":[{"id":1666,"href":"https:\/\/ciudadtrujillo.com\/index.php?rest_route=\/wp\/v2\/posts\/1664\/revisions\/1666"}],"wp:featuredmedia":[{"embeddable":true,"href":"https:\/\/ciudadtrujillo.com\/index.php?rest_route=\/wp\/v2\/media\/1665"}],"wp:attachment":[{"href":"https:\/\/ciudadtrujillo.com\/index.php?rest_route=%2Fwp%2Fv2%2Fmedia&parent=1664"}],"wp:term":[{"taxonomy":"category","embeddable":true,"href":"https:\/\/ciudadtrujillo.com\/index.php?rest_route=%2Fwp%2Fv2%2Fcategories&post=1664"},{"taxonomy":"post_tag","embeddable":true,"href":"https:\/\/ciudadtrujillo.com\/index.php?rest_route=%2Fwp%2Fv2%2Ftags&post=1664"}],"curies":[{"name":"wp","href":"https:\/\/api.w.org\/{rel}","templated":true}]}}