{"id":1658,"date":"2020-08-11T23:40:28","date_gmt":"2020-08-11T23:40:28","guid":{"rendered":"http:\/\/ciudadtrujillo.com\/?p=1658"},"modified":"2020-08-11T23:40:28","modified_gmt":"2020-08-11T23:40:28","slug":"ministro-villegas-invita-a-disfrutar-de-festivales-de-cine-durante-el-mes-de-agosto","status":"publish","type":"post","link":"https:\/\/ciudadtrujillo.com\/?p=1658","title":{"rendered":"Ministro Villegas invita a disfrutar de festivales de cine durante el mes de agosto"},"content":{"rendered":"<p style=\"text-align: justify;\">El ministro del Poder Popular Para la Cultura, Ernesto Villegas, invit\u00f3 a la poblaci\u00f3n venezolana, a trav\u00e9s de su cuenta en la red social Twitter, a disfrutar de los festivales de cine que se llevar\u00e1n a cabo en el pa\u00eds durante el mes de agosto.<br \/>\nEl primero de ellos es la S\u00e9ptima Edici\u00f3n del Festival Cine Documental Caracas Doc, que se realizar\u00e1 entre el 11 y 16 de este mes, en la ciudad capital y que contemplar\u00e1 la exhibici\u00f3n de 14 pel\u00edculas documentales de autores venezolanos, o coproducciones.<\/p>\n<p style=\"text-align: justify;\">Entre los directores de esta muestra documental se encuentran: Dulce Ferreira, Rosanna Matecki, Adriana Vila Guevara, Patricia Ortega, Andr\u00e9s Agust\u00ed, \u00c1lvaro de la Barra, Lorenzo Vigas, Tuki Jencquel, Freddie Marrero, Jos\u00e9 Ostos, Daniel Paz Mireles, Anthony Xavier y \u00d3scar Vicentelli.<\/p>\n<p style=\"text-align: justify;\">Mientras que el segundo evento corresponde al Festival del Cortometraje Nacional \u201cManuel Trujillo Dur\u00e1n\u201d, el cual se desarrollar\u00e1 desde el 13 hasta el 15 de agosto, e incluye una variada programaci\u00f3n de proyecciones, talleres, foros y charlas.<\/p>\n<p style=\"text-align: justify;\">Ambos eventos ser\u00e1n transmitidos de manera virtual, en cumplimiento con las medidas de prevenci\u00f3n contra el Covid-19 en el pa\u00eds.<\/p>\n<p>&nbsp;<\/p>\n<p>&nbsp;<\/p>\n<h6><em>Prensa MPPC \/Gr\u00e1fica: Cortes\u00eda<\/em><\/h6>\n","protected":false},"excerpt":{"rendered":"<p>El ministro del Poder Popular Para la Cultura, Ernesto Villegas, invit\u00f3 a la poblaci\u00f3n venezolana, a trav\u00e9s de su cuenta en la red social Twitter, a disfrutar de los festivales&hellip; <\/p>\n","protected":false},"author":1,"featured_media":1659,"comment_status":"closed","ping_status":"closed","sticky":false,"template":"","format":"standard","meta":{"footnotes":""},"categories":[46],"tags":[],"class_list":["post-1658","post","type-post","status-publish","format-standard","has-post-thumbnail","hentry","category-cultura"],"_links":{"self":[{"href":"https:\/\/ciudadtrujillo.com\/index.php?rest_route=\/wp\/v2\/posts\/1658","targetHints":{"allow":["GET"]}}],"collection":[{"href":"https:\/\/ciudadtrujillo.com\/index.php?rest_route=\/wp\/v2\/posts"}],"about":[{"href":"https:\/\/ciudadtrujillo.com\/index.php?rest_route=\/wp\/v2\/types\/post"}],"author":[{"embeddable":true,"href":"https:\/\/ciudadtrujillo.com\/index.php?rest_route=\/wp\/v2\/users\/1"}],"replies":[{"embeddable":true,"href":"https:\/\/ciudadtrujillo.com\/index.php?rest_route=%2Fwp%2Fv2%2Fcomments&post=1658"}],"version-history":[{"count":1,"href":"https:\/\/ciudadtrujillo.com\/index.php?rest_route=\/wp\/v2\/posts\/1658\/revisions"}],"predecessor-version":[{"id":1660,"href":"https:\/\/ciudadtrujillo.com\/index.php?rest_route=\/wp\/v2\/posts\/1658\/revisions\/1660"}],"wp:featuredmedia":[{"embeddable":true,"href":"https:\/\/ciudadtrujillo.com\/index.php?rest_route=\/wp\/v2\/media\/1659"}],"wp:attachment":[{"href":"https:\/\/ciudadtrujillo.com\/index.php?rest_route=%2Fwp%2Fv2%2Fmedia&parent=1658"}],"wp:term":[{"taxonomy":"category","embeddable":true,"href":"https:\/\/ciudadtrujillo.com\/index.php?rest_route=%2Fwp%2Fv2%2Fcategories&post=1658"},{"taxonomy":"post_tag","embeddable":true,"href":"https:\/\/ciudadtrujillo.com\/index.php?rest_route=%2Fwp%2Fv2%2Ftags&post=1658"}],"curies":[{"name":"wp","href":"https:\/\/api.w.org\/{rel}","templated":true}]}}