{"id":1654,"date":"2020-08-11T05:14:01","date_gmt":"2020-08-11T05:14:01","guid":{"rendered":"http:\/\/ciudadtrujillo.com\/?p=1654"},"modified":"2020-08-11T05:14:01","modified_gmt":"2020-08-11T05:14:01","slug":"realizan-jornada-integral-en-la-parroquia-rafael-rangel-de-bocono","status":"publish","type":"post","link":"https:\/\/ciudadtrujillo.com\/?p=1654","title":{"rendered":"Realizan jornada integral en la parroquia Rafael Rangel\u00a0de Bocon\u00f3"},"content":{"rendered":"<p style=\"text-align: justify;\">Como parte de la gesti\u00f3n humanista, el alcalde del municipio Bocon\u00f3, Luis Hidalgo, y la primera combatiente, Luz Marina Bastidas, realizaron, recientemente, una jornada integral en la cual se favorecieron a los habitantes de la parroquia Rafael Rangel.<\/p>\n<p>En esta oportunidad, la Fundaci\u00f3n del Ni\u00f1o Feliz y la Direcci\u00f3n General de la alcald\u00eda contaron con el apoyo del personal del \u00c1rea de Salud Integral Comunitaria (Asic) \u2013Bocon\u00f3, como la Dra. Leomery Chinchilla, epidemi\u00f3logo Rosalba Quintero, especialista del Consultorio Rural Tipo II Dra. Vanessa Contreras; este gran equipo valor\u00f3 a un total de 85 adultos y personas de la tercera edad, as\u00ed como a m\u00e1s de 87 ni\u00f1os, ni\u00f1as y adolescentes.<\/p>\n<p>Durante la consulta general se les hizo entrega de medicamentos requeridos e igualmente se logr\u00f3 un total de 152 ni\u00f1os desparasitados en edades comprendidas entre 1 a 12 a\u00f1os.<\/p>\n<p>Por su parte la Direcci\u00f3n de Alimentaci\u00f3n, Agricultura y Tierras se encarg\u00f3 de beneficiar a 250 familias con ventas de 200 kg de queso y una tonelada de pescado y sardina fresca, productos vendidos a bajo costo para los habitantes del sector, con el objetivo de ofrecer esta importante prote\u00edna a precios solidarios.<\/p>\n<p>Adem\u00e1s de ello, la Direcci\u00f3n de Servicios P\u00fablicos y Direcci\u00f3n de Infraestructura procedieron a la recolecci\u00f3n de desechos s\u00f3lidos del casco y sus alrededores, a la vez realizaron limpieza y desmalezamiento a la Plaza Bol\u00edvar, Iglesia, consultorio m\u00e9dico y U.E M\u00e1ximo Saavedra, as\u00ed como el Comandante Mayor Ram\u00f3n Linares del cuerpo de bomberos realiz\u00f3 desinfecci\u00f3n a las mencionadas instalaciones.<\/p>\n<p>En la actividad estuvo presente la Lcda. \u00cdngrid Linares responsable de la parroquia, el enlace parroquial, Mirian Dominguez, la Unidad de Batalla Hugo Ch\u00e1vez (Ubch), el consejo comunal y el Comit\u00e9 Local de Abastecimiento y Producci\u00f3n (Clap).<\/p>\n<p>La jornada cont\u00f3 con un gran equipo de trabajo entre ellos, Direcci\u00f3n de Desarrollo Urbano, Direcci\u00f3n de Turismo y Talento Humano, que articuladamente fortalecen al pueblo y el bien com\u00fan, bajo las medidas de prevenci\u00f3n contra el Covid-19.<\/p>\n<p>&nbsp;<\/p>\n<p>&nbsp;<\/p>\n<p>&nbsp;<\/p>\n<h6><em>Prensa Alcald\u00eda de Bocon\u00f3\/Gr\u00e1fica: Cortes\u00eda<\/em><\/h6>\n","protected":false},"excerpt":{"rendered":"<p>Como parte de la gesti\u00f3n humanista, el alcalde del municipio Bocon\u00f3, Luis Hidalgo, y la primera combatiente, Luz Marina Bastidas, realizaron, recientemente, una jornada integral en la cual se favorecieron&hellip; <\/p>\n","protected":false},"author":1,"featured_media":1655,"comment_status":"closed","ping_status":"closed","sticky":false,"template":"","format":"standard","meta":{"footnotes":""},"categories":[40],"tags":[],"class_list":["post-1654","post","type-post","status-publish","format-standard","has-post-thumbnail","hentry","category-grantrujillo"],"_links":{"self":[{"href":"https:\/\/ciudadtrujillo.com\/index.php?rest_route=\/wp\/v2\/posts\/1654","targetHints":{"allow":["GET"]}}],"collection":[{"href":"https:\/\/ciudadtrujillo.com\/index.php?rest_route=\/wp\/v2\/posts"}],"about":[{"href":"https:\/\/ciudadtrujillo.com\/index.php?rest_route=\/wp\/v2\/types\/post"}],"author":[{"embeddable":true,"href":"https:\/\/ciudadtrujillo.com\/index.php?rest_route=\/wp\/v2\/users\/1"}],"replies":[{"embeddable":true,"href":"https:\/\/ciudadtrujillo.com\/index.php?rest_route=%2Fwp%2Fv2%2Fcomments&post=1654"}],"version-history":[{"count":1,"href":"https:\/\/ciudadtrujillo.com\/index.php?rest_route=\/wp\/v2\/posts\/1654\/revisions"}],"predecessor-version":[{"id":1656,"href":"https:\/\/ciudadtrujillo.com\/index.php?rest_route=\/wp\/v2\/posts\/1654\/revisions\/1656"}],"wp:featuredmedia":[{"embeddable":true,"href":"https:\/\/ciudadtrujillo.com\/index.php?rest_route=\/wp\/v2\/media\/1655"}],"wp:attachment":[{"href":"https:\/\/ciudadtrujillo.com\/index.php?rest_route=%2Fwp%2Fv2%2Fmedia&parent=1654"}],"wp:term":[{"taxonomy":"category","embeddable":true,"href":"https:\/\/ciudadtrujillo.com\/index.php?rest_route=%2Fwp%2Fv2%2Fcategories&post=1654"},{"taxonomy":"post_tag","embeddable":true,"href":"https:\/\/ciudadtrujillo.com\/index.php?rest_route=%2Fwp%2Fv2%2Ftags&post=1654"}],"curies":[{"name":"wp","href":"https:\/\/api.w.org\/{rel}","templated":true}]}}