{"id":11053,"date":"2021-11-24T06:52:01","date_gmt":"2021-11-24T10:52:01","guid":{"rendered":"http:\/\/ciudadtrujillo.com\/?p=11053"},"modified":"2021-11-24T06:52:01","modified_gmt":"2021-11-24T10:52:01","slug":"jefa-de-delegacion-de-la-ue-reconocio-equilibrio-del-cne","status":"publish","type":"post","link":"https:\/\/ciudadtrujillo.com\/?p=11053","title":{"rendered":"Jefa de delegaci\u00f3n de la UE reconoci\u00f3 equilibrio del CNE"},"content":{"rendered":"<p style=\"text-align: justify;\">\n<p style=\"text-align: justify;\">Este martes, la jefa de la Observaci\u00f3n de la Uni\u00f3n Europea, Isabel Santos, reconoci\u00f3 la transparencia y equidad del proceso electoral que se llev\u00f3 a cabo el 21 de noviembre en las Elecciones Regionales y Municipales.<\/p>\n<p style=\"text-align: justify;\">Asimismo, resalt\u00f3 que se deben respetar sus leyes y mantener una estricta parcialidad pol\u00edtica y no interferir en los procesos electorales, al tiempo que agradeci\u00f3 la confianza depositada por el Consejo Nacional Electoral (CNE) a la Misi\u00f3n de la UE y a todos los miembros que formaron parte de ella.<\/p>\n<p style=\"text-align: justify;\">La Misi\u00f3n de la UE durante estas elecciones del 21-N, se mostr\u00f3 de manera independiente transparente, neutral e imparcial, al igual que todos los observadores quienes se apegaron sin ninguna excepci\u00f3n al c\u00f3digo de conducta, y al compromiso en todo momento de respetar la soberan\u00eda del pa\u00eds.<\/p>\n<p style=\"text-align: justify;\">Santos, relat\u00f3 que hace 15 a\u00f1os la Uni\u00f3n Europea no hab\u00eda venido a Venezuela con una Misi\u00f3n de Observaci\u00f3n Electoral, y esta participaci\u00f3n fue posible gracias a la invitaci\u00f3n del Consejo Nacional Electoral, la cual surgi\u00f3 por un proceso de di\u00e1logo entre los actores pol\u00edticos venezolanos.<\/p>\n<p style=\"text-align: justify;\">\n<p style=\"text-align: justify;\">\n<h5 style=\"text-align: justify;\">VTV\/Gr\u00e1fica: Cortes\u00eda<\/h5>\n","protected":false},"excerpt":{"rendered":"<p>Este martes, la jefa de la Observaci\u00f3n de la Uni\u00f3n Europea, Isabel Santos, reconoci\u00f3 la transparencia y equidad del proceso electoral que se llev\u00f3 a cabo el 21 de noviembre&hellip; <\/p>\n","protected":false},"author":1,"featured_media":11054,"comment_status":"closed","ping_status":"closed","sticky":false,"template":"","format":"standard","meta":{"footnotes":""},"categories":[40],"tags":[],"class_list":["post-11053","post","type-post","status-publish","format-standard","has-post-thumbnail","hentry","category-grantrujillo"],"_links":{"self":[{"href":"https:\/\/ciudadtrujillo.com\/index.php?rest_route=\/wp\/v2\/posts\/11053","targetHints":{"allow":["GET"]}}],"collection":[{"href":"https:\/\/ciudadtrujillo.com\/index.php?rest_route=\/wp\/v2\/posts"}],"about":[{"href":"https:\/\/ciudadtrujillo.com\/index.php?rest_route=\/wp\/v2\/types\/post"}],"author":[{"embeddable":true,"href":"https:\/\/ciudadtrujillo.com\/index.php?rest_route=\/wp\/v2\/users\/1"}],"replies":[{"embeddable":true,"href":"https:\/\/ciudadtrujillo.com\/index.php?rest_route=%2Fwp%2Fv2%2Fcomments&post=11053"}],"version-history":[{"count":1,"href":"https:\/\/ciudadtrujillo.com\/index.php?rest_route=\/wp\/v2\/posts\/11053\/revisions"}],"predecessor-version":[{"id":11055,"href":"https:\/\/ciudadtrujillo.com\/index.php?rest_route=\/wp\/v2\/posts\/11053\/revisions\/11055"}],"wp:featuredmedia":[{"embeddable":true,"href":"https:\/\/ciudadtrujillo.com\/index.php?rest_route=\/wp\/v2\/media\/11054"}],"wp:attachment":[{"href":"https:\/\/ciudadtrujillo.com\/index.php?rest_route=%2Fwp%2Fv2%2Fmedia&parent=11053"}],"wp:term":[{"taxonomy":"category","embeddable":true,"href":"https:\/\/ciudadtrujillo.com\/index.php?rest_route=%2Fwp%2Fv2%2Fcategories&post=11053"},{"taxonomy":"post_tag","embeddable":true,"href":"https:\/\/ciudadtrujillo.com\/index.php?rest_route=%2Fwp%2Fv2%2Ftags&post=11053"}],"curies":[{"name":"wp","href":"https:\/\/api.w.org\/{rel}","templated":true}]}}