{"id":11013,"date":"2021-11-18T07:49:00","date_gmt":"2021-11-18T11:49:00","guid":{"rendered":"http:\/\/ciudadtrujillo.com\/?p=11013"},"modified":"2021-11-18T07:49:00","modified_gmt":"2021-11-18T11:49:00","slug":"mas-de-300-musicos-trujillanos-participaron-en-la-orquesta-mas-grande-del-mundo","status":"publish","type":"post","link":"https:\/\/ciudadtrujillo.com\/?p=11013","title":{"rendered":"M\u00e1s de 300 m\u00fasicos trujillanos participaron en la orquesta m\u00e1s grande del mundo"},"content":{"rendered":"<p style=\"text-align: justify;\">Con alegr\u00eda y orgullo trujillano m\u00e1s de 300 m\u00fasicos de la entidad llevaron a cabo un gran espect\u00e1culo musical con las y los mejores artistas del pa\u00eds, con el objetivo de romper el r\u00e9cord Guinness de la orquesta m\u00e1s grande del mundo, quienes dieron una lecci\u00f3n de amor, dedicaci\u00f3n, constancia y patriotismo que caracteriza al pueblo venezolano.<\/p>\n<p style=\"text-align: justify;\">En este sentido, el gobernador del estado G\/J Henry Rangel Silva indic\u00f3 a trav\u00e9s de su red social en Instagram @RangelSilva.4F que estos j\u00f3venes dignos representantes de la cultura venezolana, realizaron una gran haza\u00f1a, haciendo realidad el sue\u00f1o del maestro Jos\u00e9 Antonio Abreu nacido en tierras trujillanas.<\/p>\n<p style=\"text-align: justify;\">Es importante resaltar que la presentaci\u00f3n se llev\u00f3 a cabo en el Patio de la Academia Militar donde participaron m\u00e1s de 12 mil m\u00fasicos de diferentes estados del pa\u00eds entre ni\u00f1os, ni\u00f1as y j\u00f3venes en escena bajo la batuta de los mejores directores.<\/p>\n<p style=\"text-align: justify;\">Venezuela y el mundo pudieron presenciar, a trav\u00e9s de la transmisi\u00f3n por radio, televisi\u00f3n y redes sociales, de esta jornada llena de emoci\u00f3n, que refleja el compromiso de los venezolanos en seguir viviendo en paz, y continuar en la construcci\u00f3n de un pa\u00eds mejor.<\/p>\n<p>&nbsp;<\/p>\n<p>&nbsp;<\/p>\n<h5>Betania Castellanos\/Gr\u00e1fica: Cortes\u00eda<\/h5>\n","protected":false},"excerpt":{"rendered":"<p>Con alegr\u00eda y orgullo trujillano m\u00e1s de 300 m\u00fasicos de la entidad llevaron a cabo un gran espect\u00e1culo musical con las y los mejores artistas del pa\u00eds, con el objetivo&hellip; <\/p>\n","protected":false},"author":1,"featured_media":11014,"comment_status":"closed","ping_status":"closed","sticky":false,"template":"","format":"standard","meta":{"footnotes":""},"categories":[40],"tags":[],"class_list":["post-11013","post","type-post","status-publish","format-standard","has-post-thumbnail","hentry","category-grantrujillo"],"_links":{"self":[{"href":"https:\/\/ciudadtrujillo.com\/index.php?rest_route=\/wp\/v2\/posts\/11013","targetHints":{"allow":["GET"]}}],"collection":[{"href":"https:\/\/ciudadtrujillo.com\/index.php?rest_route=\/wp\/v2\/posts"}],"about":[{"href":"https:\/\/ciudadtrujillo.com\/index.php?rest_route=\/wp\/v2\/types\/post"}],"author":[{"embeddable":true,"href":"https:\/\/ciudadtrujillo.com\/index.php?rest_route=\/wp\/v2\/users\/1"}],"replies":[{"embeddable":true,"href":"https:\/\/ciudadtrujillo.com\/index.php?rest_route=%2Fwp%2Fv2%2Fcomments&post=11013"}],"version-history":[{"count":2,"href":"https:\/\/ciudadtrujillo.com\/index.php?rest_route=\/wp\/v2\/posts\/11013\/revisions"}],"predecessor-version":[{"id":11016,"href":"https:\/\/ciudadtrujillo.com\/index.php?rest_route=\/wp\/v2\/posts\/11013\/revisions\/11016"}],"wp:featuredmedia":[{"embeddable":true,"href":"https:\/\/ciudadtrujillo.com\/index.php?rest_route=\/wp\/v2\/media\/11014"}],"wp:attachment":[{"href":"https:\/\/ciudadtrujillo.com\/index.php?rest_route=%2Fwp%2Fv2%2Fmedia&parent=11013"}],"wp:term":[{"taxonomy":"category","embeddable":true,"href":"https:\/\/ciudadtrujillo.com\/index.php?rest_route=%2Fwp%2Fv2%2Fcategories&post=11013"},{"taxonomy":"post_tag","embeddable":true,"href":"https:\/\/ciudadtrujillo.com\/index.php?rest_route=%2Fwp%2Fv2%2Ftags&post=11013"}],"curies":[{"name":"wp","href":"https:\/\/api.w.org\/{rel}","templated":true}]}}